[{"@context":"https:\/\/schema.org\/","@type":"Article","@id":"https:\/\/www.pekkos.cz\/obleceni-z-eu\/#Article","mainEntityOfPage":"https:\/\/www.pekkos.cz\/obleceni-z-eu\/","headline":"Oble\u010den\u00ed z EU","name":"Oble\u010den\u00ed z EU","description":"P\u0159edstavte si obrovsk\u00e9 mno\u017estv\u00ed tit\u011brn\u011b mal\u00fdch oble\u010dk\u016f, kter\u00e9 jsou ur\u010deny pro ty nejmen\u0161\u00ed d\u011bti. Pokud V\u00e1s doj\u00edm\u00e1 u\u017e jen ta p\u0159edstava, co potom budete d\u011blat, a\u017e uvid\u00edme kojeneck\u00e9 oble\u010den\u00ed na fotografi\u00edch v na\u0161em internetov\u00e9m obchod\u011b? Nakupte si celou \u0161atn\u00ed v\u00fdbavi\u010dku u toho nejlep\u0161\u00edho dovozce a prodejce se second handov\u00fdm zbo\u017e\u00edm.","datePublished":"2025-02-19","dateModified":"2025-02-19","author":{"@type":"Person","@id":"https:\/\/www.pekkos.cz\/author\/#Person","name":"","url":"https:\/\/www.pekkos.cz\/author\/","identifier":1,"image":{"@type":"ImageObject","@id":"https:\/\/secure.gravatar.com\/avatar\/e2bc6fe70dccf39a55c73bbd7bca9ee949cec8871fdab6d0b20905b7ccca14f3?s=96&d=mm&r=g","url":"https:\/\/secure.gravatar.com\/avatar\/e2bc6fe70dccf39a55c73bbd7bca9ee949cec8871fdab6d0b20905b7ccca14f3?s=96&d=mm&r=g","height":96,"width":96}},"publisher":{"@type":"Organization","name":"pekkos.cz","logo":{"@type":"ImageObject","@id":"\/logo.png","url":"\/logo.png","width":600,"height":60}},"url":"https:\/\/www.pekkos.cz\/obleceni-z-eu\/","wordCount":179,"articleBody":"P\u0159edstavte si obrovsk\u00e9 mno\u017estv\u00ed tit\u011brn\u011b mal\u00fdch oble\u010dk\u016f, kter\u00e9 jsou ur\u010deny pro ty nejmen\u0161\u00ed d\u011bti. Pokud V\u00e1s doj\u00edm\u00e1 u\u017e jen ta p\u0159edstava, co potom budete d\u011blat, a\u017e uvid\u00edme kojeneck\u00e9 oble\u010den\u00ed na fotografi\u00edch v na\u0161em internetov\u00e9m obchod\u011b? Nakupte si celou \u0161atn\u00ed v\u00fdbavi\u010dku u toho nejlep\u0161\u00edho dovozce a prodejce se second handov\u00fdm zbo\u017e\u00edm. Zab\u00fdv\u00e1me se touto \u010dinnost\u00ed ji\u017e \u0159adu let, a proto jsme dobr\u00fdm partnerem pro ka\u017ed\u00e9ho, kdo m\u00e1 z\u00e1jem o n\u00e1mi nab\u00edzen\u00e9 zbo\u017e\u00ed jako je tak\u00e9 kojeneck\u00e9 oble\u010den\u00ed. Db\u00e1me na kvalitu, a proto si vyb\u00edr\u00e1me, kter\u00e9 zbo\u017e\u00ed V\u00e1m nab\u00eddneme. U n\u00e1s m\u00e1te jistotu, \u017ee zakoupen\u00e9 zbo\u017e\u00ed bude hezk\u00e9, nezni\u010den\u00e9, prvot\u0159\u00eddn\u00ed. Za to V\u00e1m ru\u010d\u00edme a jsme si jisti, \u017ee budete spokojeni. Vyu\u017eijte na\u0161e slevy Vyu\u017eijte slevy a akce, kter\u00e9 n\u00e1\u0161 obchod pravideln\u011b aktualizuje nejenom na kojeneck\u00e9 oble\u010den\u00ed. P\u0159ij\u010fte a sami uvid\u00edte.                                                                                                                                                                                                                                                                                                                                                                                        4.3\/5 - (3 votes)        "},{"@context":"https:\/\/schema.org\/","@type":"BreadcrumbList","itemListElement":[{"@type":"ListItem","position":1,"name":"Oble\u010den\u00ed z EU","item":"https:\/\/www.pekkos.cz\/obleceni-z-eu\/#breadcrumbitem"}]}]