[{"@context":"https:\/\/schema.org\/","@type":"Article","@id":"https:\/\/www.pekkos.cz\/je-jedno-chude-kralovstvi\/#Article","mainEntityOfPage":"https:\/\/www.pekkos.cz\/je-jedno-chude-kralovstvi\/","headline":"Je jedno chud\u00e9 kr\u00e1lovstv\u00ed\u2026","name":"Je jedno chud\u00e9 kr\u00e1lovstv\u00ed\u2026","description":"Mohlo by to skute\u010dn\u011b za\u010d\u00ednat jako n\u011bjak\u00e1 poh\u00e1dka. \u017de bylo jednou jedno chud\u00e9 kr\u00e1lovstv\u00ed\u2026 Jen\u017ee ona to poh\u00e1dka nen\u00ed. Toto kr\u00e1lovstv\u00ed skute\u010dn\u011b existuje. Jmenuje se Lesotho a nal\u00e9zt ho m\u016f\u017eeme na jihu africk\u00e9ho kontinentu. Je obklopen\u00e9 Ji\u017en\u00ed Afrikou, se kterou toho ale z\u00a0na\u0161eho \u00fahlu pohledu moc spole\u010dn\u00e9ho nem\u00e1. V\u00a0mnoha ohledech.","datePublished":"2022-06-23","dateModified":"2023-05-25","author":{"@type":"Person","@id":"https:\/\/www.pekkos.cz\/author\/#Person","name":"","url":"https:\/\/www.pekkos.cz\/author\/","identifier":1,"image":{"@type":"ImageObject","@id":"https:\/\/secure.gravatar.com\/avatar\/e2bc6fe70dccf39a55c73bbd7bca9ee949cec8871fdab6d0b20905b7ccca14f3?s=96&d=mm&r=g","url":"https:\/\/secure.gravatar.com\/avatar\/e2bc6fe70dccf39a55c73bbd7bca9ee949cec8871fdab6d0b20905b7ccca14f3?s=96&d=mm&r=g","height":96,"width":96}},"publisher":{"@type":"Organization","name":"pekkos.cz","logo":{"@type":"ImageObject","@id":"\/logo.png","url":"\/logo.png","width":600,"height":60}},"image":{"@type":"ImageObject","@id":"https:\/\/www.pekkos.cz\/wp-content\/uploads\/vesnice.jpg","url":"https:\/\/www.pekkos.cz\/wp-content\/uploads\/vesnice.jpg","height":0,"width":0},"url":"https:\/\/www.pekkos.cz\/je-jedno-chude-kralovstvi\/","about":["Cestov\u00e1n\u00ed"],"wordCount":594,"articleBody":"Mohlo by to skute\u010dn\u011b za\u010d\u00ednat jako n\u011bjak\u00e1 poh\u00e1dka. \u017de bylo jednou jedno chud\u00e9 kr\u00e1lovstv\u00ed\u2026 Jen\u017ee ona to poh\u00e1dka nen\u00ed. Toto kr\u00e1lovstv\u00ed skute\u010dn\u011b existuje. Jmenuje se Lesotho a nal\u00e9zt ho m\u016f\u017eeme na jihu africk\u00e9ho kontinentu. Je obklopen\u00e9 Ji\u017en\u00ed Afrikou, se kterou toho ale z\u00a0na\u0161eho \u00fahlu pohledu moc spole\u010dn\u00e9ho nem\u00e1. V\u00a0mnoha ohledech.Toto se vyzna\u010duje t\u0159eba t\u00edm, \u017ee jde o chud\u00fd hornat\u00fd st\u00e1t, a zat\u00edmco Ji\u017en\u00ed Afrika na tom tak\u00e9 nen\u00ed nijak sv\u011btoborn\u011b, je to tady daleko hor\u0161\u00ed. Proto\u017ee p\u0159i zdej\u0161\u00ed nezam\u011bstnanosti a hornatosti zem\u011b zde maj\u00ed probl\u00e9m\u016f a\u017e nad hlavu, ty souvisej\u00edc\u00ed s\u00a0turisty nevyj\u00edmaje.Jedn\u00edm z\u00a0probl\u00e9m\u016f, je\u017e tu na\u0161ince \u010dekaj\u00ed, je t\u0159eba u\u017e i jenom skute\u010dnost, \u017ee se zde doposud vy\u017eaduje p\u0159i vstupu do zem\u011b potvrzen\u00ed o o\u010dkov\u00e1n\u00ed proti koronaviru nebo PCR test absolvovan\u00fd maxim\u00e1ln\u011b t\u0159i na p\u0159ed nastoupen\u00edm cesty sem, p\u0159\u00edpadn\u011b nanejv\u00fd\u0161 den star\u00fd antigenn\u00ed test. Co\u017e u\u017e se pro n\u00e1s ve v\u011bt\u0161in\u011b sv\u011bta zru\u0161ilo, ale tady se na tom dosud trv\u00e1. A i kdy\u017e u\u017e jsou v\u0161echny hrani\u010dn\u00ed p\u0159echody otev\u0159en\u00e9 a skon\u010dil tu i z\u00e1kaz vych\u00e1zen\u00ed, m\u016f\u017ee to b\u00fdt komplikace. A aspo\u0148 \u017ee tu na\u0161inc\u016fm nehroz\u00ed karant\u00e9na. Tak\u00e9 se tu doposud mus\u00ed nosit masky na ve\u0159ejn\u00fdch m\u00edstech a jsou omezeny n\u011bkter\u00e9 spole\u010densk\u00e9 akce, je nezbytn\u00e9 dodr\u017eovat protokoly o zdrav\u00ed a bezpe\u010dnosti COVID-19, jako jsou t\u0159eba soci\u00e1ln\u00ed distanc a hygiena.Co\u017e ale nemus\u00ed b\u00fdt je\u0161t\u011b ten nejv\u011bt\u0161\u00ed probl\u00e9m. Ten m\u016f\u017ee tkv\u011bt i v\u00a0n\u011b\u010dem docela jin\u00e9m, v\u00a0tom, co u\u017e Evropan obvykle moc nech\u00e1pe a nezn\u00e1. A sice v\u00a0tom, \u017ee se sice vy\u017eaduje mezin\u00e1rodn\u00ed \u0159idi\u010dsk\u00fd pr\u016fkaz nebo cestovn\u00ed pas p\u0159esahuj\u00edc\u00ed d\u00e9lku pobytu v\u00a0zemi aspo\u0148 o \u010dtvrt roku, ale nen\u00ed vlastn\u011b nikomu jasn\u00e9, jak se to m\u00e1 s\u00a0v\u00edzovou povinnost\u00ed. Sv\u00e9 informace by o tom m\u011blo m\u00edt velvyslanectv\u00ed, pod kter\u00e9 spad\u00e1me, to ale s\u00eddl\u00ed a\u017e v\u00a0italsk\u00e9m \u0158\u00edm\u011b, a proto si tam na\u0161inec t\u011b\u017eko odsko\u010d\u00ed z\u00a0domu, aby se poinformoval.Podle sd\u011blen\u00ed tohoto st\u00e1tu toti\u017e na\u0161i turist\u00e9 nepot\u0159ebuj\u00ed v\u00edzum a toto pr\u00fd ani neb\u00fdv\u00e1 v\u00a0praxi vy\u017eadov\u00e1no, nen\u00ed v\u0161ak jasn\u00e9, jak dlouho se takov\u00ed turist\u00e9 mohou v\u00a0zemi v\u016fbec zdr\u017eovat. A je tak\u00e9 z\u00e1hodno vytisknout si lesothskou n\u00f3tu, kter\u00e1 se bezv\u00edzov\u00e9ho styku t\u00fdk\u00e1, a na hranic\u00edch se zeptat na podrobnosti imigra\u010dn\u00edch \u00fa\u0159edn\u00edk\u016f. V\u0161ichni ostatn\u00ed cestovatel\u00e9 vyjma turist\u016f v\u0161ak v\u00edzum pot\u0159ebuj\u00ed. A je v\u017edy dobr\u00e9 se p\u0159ed cestou na jejich ambas\u00e1d\u011b informovat, zda neodvolali, co odvolali, a neslibuj\u00ed to, co sl\u00edbili, jak to zn\u00e1me z\u00a0jedn\u00e9 na\u0161\u00ed poh\u00e1dky.A jinak? Docela dobr\u00e9. \u010clov\u011bk se tam sice m\u016f\u017ee sp\u00e1lit na slunci, nebo \u201ase sp\u00e1lit\u2018, pokud by fotil vojensk\u00e9 a policejn\u00ed objekty, ale zase tam nemaj\u00ed tolik kriminality jako v\u00a0JAR. A hlavn\u011b je t\u0159eba sm\u00ed\u0159it se s\u00a0t\u00edm, co pramen\u00ed z\u00a0jejich chudoby. A nepo\u010d\u00edtat moc s\u00a0kvalitn\u00edmi cestami, dostatkem \u010derpac\u00edch stanic a kvalitou slu\u017eeb \u010di bezprobl\u00e9mov\u00fdm fungov\u00e1n\u00edm \u010desk\u00fdch mobil\u016f.                                                                                                                                                                                                                                                                                                                                                                                        4\/5 - (10 votes)        "},{"@context":"https:\/\/schema.org\/","@type":"BreadcrumbList","itemListElement":[{"@type":"ListItem","position":1,"name":"Je jedno chud\u00e9 kr\u00e1lovstv\u00ed\u2026","item":"https:\/\/www.pekkos.cz\/je-jedno-chude-kralovstvi\/#breadcrumbitem"}]}]