[{"@context":"https:\/\/schema.org\/","@type":"Article","@id":"https:\/\/www.pekkos.cz\/hrdinove-vsednich-dni\/#Article","mainEntityOfPage":"https:\/\/www.pekkos.cz\/hrdinove-vsednich-dni\/","headline":"Hrdinov\u00e9 v\u0161edn\u00edch dn\u00ed","name":"Hrdinov\u00e9 v\u0161edn\u00edch dn\u00ed","description":"V\u00edte, kdo se nejv\u00edce zaslou\u017eil v posledn\u00edch dvaceti p\u011bti letech o z\u00e1chranu&nbsp; pam\u00e1tek? Mo\u017en\u00e1 je to pon\u011bkud p\u0159ekvapuj\u00edc\u00ed, ale p\u0159edev\u0161\u00edm oby\u010dejn\u00ed dobrovoln\u00edci a nad\u0161enci, kter\u00fdm nen\u00ed osud pam\u011btihodnost\u00ed lhostejn\u00fd. Rozhodn\u011b by pro n\u00e1s m\u011blo b\u00fdt inspirac\u00ed, kolik \u00fasil\u00ed tito lid\u00e9 dok\u00e1\u017e\u00ed v\u011bnovat t\u00e9to vysloven\u011b sisyfovsk\u00e9 pr\u00e1ci. Na jedn\u00e9 stran\u011b najdeme","datePublished":"2016-11-12","dateModified":"2023-05-25","author":{"@type":"Person","@id":"https:\/\/www.pekkos.cz\/author\/#Person","name":"","url":"https:\/\/www.pekkos.cz\/author\/","identifier":1,"image":{"@type":"ImageObject","@id":"https:\/\/secure.gravatar.com\/avatar\/e2bc6fe70dccf39a55c73bbd7bca9ee949cec8871fdab6d0b20905b7ccca14f3?s=96&d=mm&r=g","url":"https:\/\/secure.gravatar.com\/avatar\/e2bc6fe70dccf39a55c73bbd7bca9ee949cec8871fdab6d0b20905b7ccca14f3?s=96&d=mm&r=g","height":96,"width":96}},"publisher":{"@type":"Organization","name":"pekkos.cz","logo":{"@type":"ImageObject","@id":"\/logo.png","url":"\/logo.png","width":600,"height":60}},"image":{"@type":"ImageObject","@id":"https:\/\/www.pekkos.cz\/wp-content\/uploads\/img_a278634_w3910_t1602478146.jpg","url":"https:\/\/www.pekkos.cz\/wp-content\/uploads\/img_a278634_w3910_t1602478146.jpg","height":0,"width":0},"url":"https:\/\/www.pekkos.cz\/hrdinove-vsednich-dni\/","about":["Zbo\u017e\u00ed"],"wordCount":440,"articleBody":"\tV\u00edte, kdo se nejv\u00edce zaslou\u017eil v posledn\u00edch dvaceti p\u011bti letech o z\u00e1chranu&nbsp; pam\u00e1tek? Mo\u017en\u00e1 je to pon\u011bkud p\u0159ekvapuj\u00edc\u00ed, ale p\u0159edev\u0161\u00edm oby\u010dejn\u00ed dobrovoln\u00edci a nad\u0161enci, kter\u00fdm nen\u00ed osud pam\u011btihodnost\u00ed lhostejn\u00fd.\tRozhodn\u011b by pro n\u00e1s m\u011blo b\u00fdt inspirac\u00ed, kolik \u00fasil\u00ed tito lid\u00e9 dok\u00e1\u017e\u00ed v\u011bnovat t\u00e9to vysloven\u011b sisyfovsk\u00e9 pr\u00e1ci. Na jedn\u00e9 stran\u011b najdeme lidi, kte\u0159\u00ed nejsou ochotni ani t\u0159\u00eddit odpad a na stran\u011b druh\u00e9&nbsp; nach\u00e1z\u00edme lidi, kte\u0159\u00ed dok\u00e1\u017e\u00ed vykonat opravdu mnoho pro kultivaci pam\u00e1tek, krajiny a t\u00edm pro obecn\u00e9 blaho. A to nikoli jen nezi\u0161tn\u011b v r\u00e1mci dobrovolnictv\u00ed. Tito lid\u00e9 nev\u00e1haj\u00ed investovat jen sv\u016fj \u010das, ale velmi \u010dasto i pen\u00edze.\t\tKoupit si starobyl\u00fd hradV\u011bd\u011bli jste, \u017ee existuje cel\u00e1 \u0159ada lid\u00ed, kte\u0159\u00ed vlastn\u00ed n\u011bjakou pam\u00e1tku? Um\u00edte si p\u0159edstavit, \u017ee byste si koupili hrad, tvrz nebo bunkr z druh\u00e9 sv\u011btov\u00e9 v\u00e1lky? Majitel\u00e9 pam\u00e1tku nejen\u017ee koupili, ale sv\u00fdmi vlastn\u00edmi silami a p\u0159edev\u0161\u00edm prost\u0159ednictv\u00edm vlastn\u00edch prost\u0159edk\u016f ji rekonstruuj\u00ed.T\u00e9to u\u0161lechtil\u00e9 \u010dinnosti se ov\u0161em nev\u011bnuj\u00ed jen majitel\u00e9 pam\u00e1tek. Cel\u00e1 \u0159ada lid\u00ed opravuje majetek ve spr\u00e1v\u011b obc\u00ed. Majetek, ke kter\u00e9mu se ov\u0161em zodpov\u011bdn\u00e9 \u00fa\u0159ady chovaj\u00ed sp\u00ed\u0161e mace\u0161sky a proto vznik\u00e1 cel\u00e1 \u0159ada spolk\u016f za z\u00e1chranu pam\u00e1tek. Jedn\u00e1 se p\u0159edev\u0161\u00edm o chr\u00e1my, synag\u00f3gy nebo \u017eidovsk\u00e9 h\u0159bitovy.&nbsp;\tNaj\u00edt sob\u011b rovn\u00e9Pro\u010d to ti lid\u00e9 d\u011blaj\u00ed? Jednodu\u0161e proto, \u017ee je to bav\u00ed. Tak jako n\u011bkdo sb\u00edr\u00e1 zn\u00e1mky nebo si doma stav\u00ed vlakovou dr\u00e1hu, oni si zkr\u00e1tka a dob\u0159e oprav\u00ed hrad nebo kostel. Je to prost\u011b jejich kon\u00ed\u010dek, respektive po\u0159\u00e1dn\u00fd k\u016f\u0148.N\u011bkdy to ov\u0161em mo\u017en\u00e1 p\u0159ipom\u00edn\u00e1 sp\u00ed\u0161e t\u011b\u017ekou \u0159eholi. Nejeden majitel vz\u00e1cn\u00e9 nemovitosti p\u0159iznal, \u017ee jeho v\u00e1\u0161e\u0148 v\u00e1\u017en\u011b ohrozila jeho vztah.&nbsp;Na druhou stranu vr\u00e1na k vr\u00e1n\u011b sed\u00e1, rovn\u00fd rovn\u00e9ho si hled\u00e1. Dobrovoln\u00edci, kte\u0159\u00ed zachra\u0148uj\u00ed pam\u00e1tky jsou rozhodn\u011b v dobr\u00e9m slova smyslu bl\u00e1zni. A jejich \u0161t\u011bst\u00edm je, \u017ee se dok\u00e1\u017e\u00ed setk\u00e1vat s podobn\u00fdmi bl\u00e1zny. A kdy\u017e daj\u00ed spole\u010dn\u011b ruce dohromady, dok\u00e1\u017e\u00ed u\u010din\u011bn\u00e9 divy. Samoz\u0159ejm\u011b ka\u017ed\u00fd takov\u00fd projekt vy\u017eaduje tak\u00e9 dostate\u010dnou propagaci a podporu ve\u0159ejnosti a m\u00e9di\u00ed a \u010d\u00edm v\u00edce nad\u0161enc\u016f se setk\u00e1, t\u00edm v\u00edce se d\u00edlu da\u0159\u00ed.                                                                                                                                                                                                                                                                                                                                                                                        4\/5 - (9 votes)        "},{"@context":"https:\/\/schema.org\/","@type":"BreadcrumbList","itemListElement":[{"@type":"ListItem","position":1,"name":"Hrdinov\u00e9 v\u0161edn\u00edch dn\u00ed","item":"https:\/\/www.pekkos.cz\/hrdinove-vsednich-dni\/#breadcrumbitem"}]}]